[{"@context":"https:\/\/schema.org\/","@type":"Article","@id":"https:\/\/www.ibf-cz.cz\/maji-se-deti-o-prazdninach-ucit\/#Article","mainEntityOfPage":"https:\/\/www.ibf-cz.cz\/maji-se-deti-o-prazdninach-ucit\/","headline":"Maj\u00ed se d\u011bti o pr\u00e1zdnin\u00e1ch u\u010dit?","name":"Maj\u00ed se d\u011bti o pr\u00e1zdnin\u00e1ch u\u010dit?","description":"Jen t\u011b\u017eko \u0159\u00edct, zda se na pr\u00e1zdniny t\u011b\u0161\u00ed v\u00edce u\u010ditel\u00e9, nebo \u017e\u00e1ci. Ti v\u0161ak mnohdy o pr\u00e1zdnin\u00e1ch maj\u00ed \u010dasto povinnost opakovat si probranou l\u00e1tku, a\u0165 u\u017e danou \u0161kolou \u010di rodi\u010di. Je opravdu nutn\u00e9, aby se d\u011bti o pr\u00e1zdnin\u00e1ch u\u010dily? \u017d\u00e1ky p\u0159ed pr\u00e1zdninami mus\u00edme cht\u011b necht\u011b rozd\u011blit na t\u0159i kategorie. V\u00a0t\u00e9 prvn\u00ed budeme m\u00edt d\u011bti, kter\u00e9 [&hellip;]","datePublished":"2020-01-11","dateModified":"2023-04-30","author":{"@type":"Person","@id":"https:\/\/www.ibf-cz.cz\/author\/#Person","name":"","url":"https:\/\/www.ibf-cz.cz\/author\/","identifier":1,"image":{"@type":"ImageObject","@id":"https:\/\/secure.gravatar.com\/avatar\/70b0b0c6ef7dca5d65c935edece415df3e99a7281ef835a281ae62fb4236351b?s=96&d=mm&r=g","url":"https:\/\/secure.gravatar.com\/avatar\/70b0b0c6ef7dca5d65c935edece415df3e99a7281ef835a281ae62fb4236351b?s=96&d=mm&r=g","height":96,"width":96}},"publisher":{"@type":"Organization","name":"ibf-cz.cz","logo":{"@type":"ImageObject","@id":"\/logo.png","url":"\/logo.png","width":600,"height":60}},"image":{"@type":"ImageObject","@id":"https:\/\/www.ibf-cz.cz\/wp-content\/uploads\/img_a348442_w2559_t1563102590.jpg","url":"https:\/\/www.ibf-cz.cz\/wp-content\/uploads\/img_a348442_w2559_t1563102590.jpg","height":0,"width":0},"url":"https:\/\/www.ibf-cz.cz\/maji-se-deti-o-prazdninach-ucit\/","about":["Vzd\u011bl\u00e1n\u00ed"],"wordCount":448,"articleBody":"Jen t\u011b\u017eko \u0159\u00edct, zda se na pr\u00e1zdniny t\u011b\u0161\u00ed v\u00edce u\u010ditel\u00e9, nebo \u017e\u00e1ci. Ti v\u0161ak mnohdy o pr\u00e1zdnin\u00e1ch maj\u00ed \u010dasto povinnost opakovat si probranou l\u00e1tku, a\u0165 u\u017e danou \u0161kolou \u010di rodi\u010di. Je opravdu nutn\u00e9, aby se d\u011bti o pr\u00e1zdnin\u00e1ch u\u010dily?\u017d\u00e1ky p\u0159ed pr\u00e1zdninami mus\u00edme cht\u011b necht\u011b rozd\u011blit na t\u0159i kategorie. V\u00a0t\u00e9 prvn\u00ed budeme m\u00edt d\u011bti, kter\u00e9 s\u00a0u\u010den\u00edm v\u00a0dan\u00e9m roce nem\u011bly probl\u00e9m a zn\u00e1mky na vysv\u011bd\u010den\u00ed maj\u00ed p\u011bkn\u00e9. V\u00a0t\u00e9 druh\u00e9 budou d\u011bti, kter\u00e9 m\u011bly tro\u0161ku probl\u00e9my s\u00a0u\u010den\u00edm, ale jejich vysv\u011bd\u010den\u00ed je uch\u00e1zej\u00edc\u00ed. Do t\u0159et\u00ed kategorie za\u0159ad\u00edme d\u011bti, kter\u00fdm se p\u0159es rok neda\u0159ilo, a m\u011bly velk\u00e9 probl\u00e9my, \u010di dokonce z\u00a0n\u011bkter\u00e9ho z\u00a0p\u0159edm\u011bt\u016f propadaj\u00ed.V\u00a0prvn\u00ed \u0159ad\u011b si uv\u011bdomte, \u017ee ka\u017ed\u00e9 d\u00edt\u011b bez ohledu na v\u00fdkony ve \u0161kole, pot\u0159ebuje \u0159\u00e1dn\u00fd odpo\u010dinek, aby m\u011blo dost sil do dal\u0161\u00edho roku ve \u0161kole. Tak\u017ee rozhodn\u011b nen\u00ed vhodn\u00e9 d\u011bti denn\u011b nutit do u\u010den\u00ed. Pokud trv\u00e1te na tom, aby si d\u011bti i b\u011bhem pr\u00e1zdnin osv\u011b\u017eovaly nov\u011b nabit\u00e9 v\u011bdomosti, pak tak \u010di\u0148te sp\u00ed\u0161e hravou formou a ne formou vypl\u0148ov\u00e1n\u00ed \u00fakol\u016f. Spoustu v\u011bc\u00ed si mohou d\u011bti zopakovat b\u011bhem v\u00fdletu do p\u0159\u00edrody \u010di do m\u011bsta. Chce to ale trochu va\u0161\u00ed kreativity. Tato varianta plat\u00ed sp\u00ed\u0161e pro prvn\u00ed dv\u011b skupinky d\u011bt\u00ed, kter\u00e9 nemaj\u00ed probl\u00e9my s\u00a0u\u010den\u00edm a \u0161kolu zvl\u00e1daj\u00ed s\u00a0v\u011bt\u0161\u00edm \u010di men\u0161\u00edm \u00fasil\u00edm.D\u011bti, kter\u00e9 \u010dek\u00e1 na konci pr\u00e1zdnin repar\u00e1t a ty, kter\u00e9 m\u011bly b\u011bhem \u0161koln\u00edho roku opravdu velk\u00fd probl\u00e9m, by m\u011bly samoz\u0159ejm\u011b m\u00edt n\u011bjakou pr\u00e1zdninovou p\u0159\u00edpravu. Je ale nutn\u00e9 opravdu dodr\u017eet \u010das odpo\u010dinku a nep\u0159et\u011b\u017eovat je. S\u00a0d\u00edtkem si domluvte pravidla, jak bude pr\u00e1zdninov\u00e9 u\u010den\u00ed prob\u00edhat. T\u0159eba hodinu denn\u011b, s\u00a0t\u00edm, \u017ee jakmile danou hodinu spln\u00ed, bude dal\u0161\u00ed program prob\u00edhat \u201epr\u00e1zdninov\u011b\u201c. Nikdy d\u011btem nezakazujte chodit ven a sed\u011bt cel\u00e9 t\u00fddny v\u00a0knih\u00e1ch, mo\u017en\u00e1 sice zvl\u00e1dnou repar\u00e1t, ale v\u00a0dal\u0161\u00edm roce budou op\u011bt bojovat, proto\u017ee jejich motivace u\u010dit se je\u0161t\u011b klesne. Na dal\u0161\u00ed vzd\u011bl\u00e1v\u00e1n\u00ed se nav\u00edc nebudou m\u00edt dostatek s\u00edly ani energie, tu by jim dodaly pr\u00e1v\u011b pr\u00e1zdniny.                                                                                                                                                                                                                                                                                                                                                                                        4\/5 - (8 votes)        "},{"@context":"https:\/\/schema.org\/","@type":"BreadcrumbList","itemListElement":[{"@type":"ListItem","position":1,"name":"Maj\u00ed se d\u011bti o pr\u00e1zdnin\u00e1ch u\u010dit?","item":"https:\/\/www.ibf-cz.cz\/maji-se-deti-o-prazdninach-ucit\/#breadcrumbitem"}]}]