[{"@context":"https:\/\/schema.org\/","@type":"Article","@id":"https:\/\/www.ibf-cz.cz\/pevny-material\/#Article","mainEntityOfPage":"https:\/\/www.ibf-cz.cz\/pevny-material\/","headline":"Pevn\u00fd materi\u00e1l","name":"Pevn\u00fd materi\u00e1l","description":"M\u016fj p\u0159\u00edtel cht\u011bl d\u011blat v\u017edycky takovou pr\u00e1ci, kter\u00e1 ho bude bavit. Jenom\u017ee j\u00e1 jsem sp\u00ed\u0161e dbala na to, a by p\u0159\u00edtel m\u011bl takovou pr\u00e1ci, kdy bude mi taky hodn\u011b pen\u011bz, proto\u017ee m\u016fj p\u0159\u00edtel byl rok a p\u016fl bez pr\u00e1ce. Bylo rok a p\u016fl nezam\u011bstnan\u00fd a m\u011b to opravdu hodn\u011b vadilo. Proto jsem p\u0159\u00edtele cel\u00fd rok [&hellip;]","datePublished":"2022-12-27","dateModified":"2023-07-24","author":{"@type":"Person","@id":"https:\/\/www.ibf-cz.cz\/author\/#Person","name":"","url":"https:\/\/www.ibf-cz.cz\/author\/","identifier":1,"image":{"@type":"ImageObject","@id":"https:\/\/secure.gravatar.com\/avatar\/70b0b0c6ef7dca5d65c935edece415df3e99a7281ef835a281ae62fb4236351b?s=96&d=mm&r=g","url":"https:\/\/secure.gravatar.com\/avatar\/70b0b0c6ef7dca5d65c935edece415df3e99a7281ef835a281ae62fb4236351b?s=96&d=mm&r=g","height":96,"width":96}},"publisher":{"@type":"Organization","name":"ibf-cz.cz","logo":{"@type":"ImageObject","@id":"\/logo.png","url":"\/logo.png","width":600,"height":60}},"image":{"@type":"ImageObject","@id":"https:\/\/www.ibf-cz.cz\/wp-content\/uploads\/tools-15539_960_720.jpg","url":"https:\/\/www.ibf-cz.cz\/wp-content\/uploads\/tools-15539_960_720.jpg","height":0,"width":0},"url":"https:\/\/www.ibf-cz.cz\/pevny-material\/","about":["V\u00fdrobky"],"wordCount":446,"articleBody":"         M\u016fj p\u0159\u00edtel cht\u011bl d\u011blat v\u017edycky takovou pr\u00e1ci, kter\u00e1 ho bude bavit. Jenom\u017ee j\u00e1 jsem sp\u00ed\u0161e dbala na to, a by p\u0159\u00edtel m\u011bl takovou pr\u00e1ci, kdy bude mi taky hodn\u011b pen\u011bz, proto\u017ee m\u016fj p\u0159\u00edtel byl rok a p\u016fl bez pr\u00e1ce. Bylo rok a p\u016fl nezam\u011bstnan\u00fd a m\u011b to opravdu hodn\u011b vadilo. Proto jsem p\u0159\u00edtele cel\u00fd rok a p\u016fl p\u0159emlouvala, abys u\u017e kone\u010dn\u011b na\u0161el n\u011bjakou pr\u00e1ci. Jenom\u017ee nejhor\u0161\u00ed na tom bylo, \u017ee p\u0159\u00edtel m\u011bl p\u0159ed rokem opravdu \u0161kared\u00fd \u00faraz v minul\u00e9 pr\u00e1ci a m\u011bl opravdu n\u011bco s kolenem a s loktem. A byl to v\u00e1\u017en\u011b \u0161kared\u00fd \u00faraz, tak\u017ee se nediv\u00edm, \u017ee byl potom rok na neschopence. To byl ale opr\u00e1vn\u011bn\u011b. Nicm\u00e9n\u011b dal\u0161\u00ed p\u016flrok u\u017e se jenom fl\u00e1kal, proto\u017ee si zvykl na dom\u00e1c\u00ed pohodl\u00ed a do pr\u00e1ce se mu v\u016fbec necht\u011blo. Nakonec to dopadlo tak, \u017ee na\u0161t\u011bst\u00ed m\u016fj kamar\u00e1d p\u0159\u00edteli na\u0161el v pr\u00e1ci, kter\u00e1 se zaj\u00edm\u00e1 o opravdu kvalitn\u00ed materi\u00e1l anebo termoizola\u010dn\u00ed materi\u00e1ly a dotherm. Materi\u00e1l doterm je velice kvalitn\u00ed a j\u00e1 si mysl\u00edm, \u017ee je to ide\u00e1ln\u00ed pr\u00e1ce pro mu\u017ee. Nav\u00edc tato pr\u00e1ce nen\u00ed opravdu tak n\u00e1ro\u010dn\u00e1, jak si p\u0159\u00edtel ze za\u010d\u00e1tku taky myslel. Proto\u017ee pro p\u0159\u00edtele, kter\u00fd byl rok a p\u016fl doma, je ka\u017ed\u00e1 pr\u00e1ce pr\u00fd opravdu hodn\u011b n\u00e1ro\u010dn\u00e1. J\u00e1 se nediv\u00edm, kdy\u017e rok a p\u016fl doma. M\u016fj p\u0159\u00edtel se mus\u00ed okam\u017eit\u011b dostat do pracovn\u00edho nasazen\u00ed. A o pr\u00e1ci s materi\u00e1lem dotherm se taky m\u016f\u017ee do\u010d\u00edst v\u00edce informac\u00ed na webov\u00e9 str\u00e1nce imtts.cz, kde najde opravdu r\u016fzn\u00e9 produkty, a to v\u0161e t\u0159eba o termoizola\u010dn\u00edch materi\u00e1lech a nebo dal\u0161\u00edch stroj\u016f, kde by taky mohl pracovat. A tak jsem p\u0159\u00edteli \u0159ekla, \u017ee bude pracovat s kvalitn\u00edmi materi\u00e1ly doterm, tak se na m\u011b pod\u00edval a \u0159ekl, \u017ee to asi nebude nic pro n\u011bho. Jenom\u017ee p\u0159\u00edtel m\u011bl sm\u016flu, proto\u017ee do t\u00e9to pr\u00e1ce nastoupil, a to hlavn\u011b na m\u016fj popud a na m\u00e9 donucen\u00ed, \u017ee jsem mu vyhro\u017eovala, \u017ee od n\u011bj s d\u011btmi odejdeme. Tak\u017ee pr\u00e1ce s doherm nakonec vy\u0161la skv\u011ble. A m\u00e1te obl\u00edben\u00fd n\u011bjak\u00fd materi\u00e1l, kter\u00fd je v\u00e1\u0161 nejobl\u00edben\u011bj\u0161\u00ed?                                                                                                                                                                                                                                                                                                                                                                                          4.1\/5 - (9 votes)        "},{"@context":"https:\/\/schema.org\/","@type":"BreadcrumbList","itemListElement":[{"@type":"ListItem","position":1,"name":"Pevn\u00fd materi\u00e1l","item":"https:\/\/www.ibf-cz.cz\/pevny-material\/#breadcrumbitem"}]}]