[{"@context":"https:\/\/schema.org\/","@type":"Article","@id":"https:\/\/www.ibf-cz.cz\/podporte-cteni-knih-zejmena-23-dubna\/#Article","mainEntityOfPage":"https:\/\/www.ibf-cz.cz\/podporte-cteni-knih-zejmena-23-dubna\/","headline":"Podpo\u0159te \u010dten\u00ed knih zejm\u00e9na 23. dubna!","name":"Podpo\u0159te \u010dten\u00ed knih zejm\u00e9na 23. dubna!","description":"Jestlipak v\u00edte, jak\u00e9 mimo\u0159\u00e1dn\u00e9 v\u00fdro\u010d\u00ed p\u0159ipad\u00e1 ka\u017edoro\u010dn\u011b na den 23. dubna? Krom toho, \u017ee m\u00e1 sv\u00e1tek Vojt\u011bch, je tento den pova\u017eov\u00e1n za sv\u00e1te\u010dn\u00ed ve spojen\u00ed se Sv\u011btov\u00fdm dnem knihy. Gener\u00e1ln\u00ed konferenc\u00ed UNESCO byl 23.duben \u00a0vyhl\u00e1\u0161en Sv\u011btov\u00fdm dnem knihy a autorsk\u00fdch pr\u00e1v. Slav\u00ed se ji\u017e od roku 1995 v\u00a0des\u00edtk\u00e1ch zem\u00ed sv\u011bta ve v\u0161ech sv\u011btad\u00edlech. Den nebyl [&hellip;]","datePublished":"2018-02-25","dateModified":"2023-04-30","author":{"@type":"Person","@id":"https:\/\/www.ibf-cz.cz\/author\/#Person","name":"","url":"https:\/\/www.ibf-cz.cz\/author\/","identifier":1,"image":{"@type":"ImageObject","@id":"https:\/\/secure.gravatar.com\/avatar\/70b0b0c6ef7dca5d65c935edece415df3e99a7281ef835a281ae62fb4236351b?s=96&d=mm&r=g","url":"https:\/\/secure.gravatar.com\/avatar\/70b0b0c6ef7dca5d65c935edece415df3e99a7281ef835a281ae62fb4236351b?s=96&d=mm&r=g","height":96,"width":96}},"publisher":{"@type":"Organization","name":"ibf-cz.cz","logo":{"@type":"ImageObject","@id":"\/logo.png","url":"\/logo.png","width":600,"height":60}},"image":{"@type":"ImageObject","@id":"https:\/\/www.ibf-cz.cz\/wp-content\/uploads\/img_a313918_w2559_t1524683188.jpg","url":"https:\/\/www.ibf-cz.cz\/wp-content\/uploads\/img_a313918_w2559_t1524683188.jpg","height":0,"width":0},"url":"https:\/\/www.ibf-cz.cz\/podporte-cteni-knih-zejmena-23-dubna\/","about":["Kultura"],"wordCount":456,"articleBody":"Jestlipak v\u00edte, jak\u00e9 mimo\u0159\u00e1dn\u00e9 v\u00fdro\u010d\u00ed p\u0159ipad\u00e1 ka\u017edoro\u010dn\u011b na den 23. dubna? Krom toho, \u017ee m\u00e1 sv\u00e1tek Vojt\u011bch, je tento den pova\u017eov\u00e1n za sv\u00e1te\u010dn\u00ed ve spojen\u00ed se Sv\u011btov\u00fdm dnem knihy.Gener\u00e1ln\u00ed konferenc\u00ed UNESCO byl 23.duben \u00a0vyhl\u00e1\u0161en Sv\u011btov\u00fdm dnem knihy a autorsk\u00fdch pr\u00e1v. Slav\u00ed se ji\u017e od roku 1995 v\u00a0des\u00edtk\u00e1ch zem\u00ed sv\u011bta ve v\u0161ech sv\u011btad\u00edlech.Den nebyl vybr\u00e1n n\u00e1hodou. P\u0159i\u010d\u00edt\u00e1 se v\u00fdro\u010d\u00ed \u00famrt\u00ed Miguela de Cervantese, Williama Shakespeara a Gacilase de la Vegy roku 1616, i kdy\u017e bylo prok\u00e1z\u00e1no, \u017ee ani jeden z\u00a0nich nezem\u0159el pr\u00e1v\u011b 23.4. Tradice je tradice.S\u00a0n\u00e1padem slavit tento den p\u0159i\u0161li v\u00a0Katal\u00e1nsku, kdy oslavuj\u00ed svat\u00e9ho Ji\u0159\u00ed a den je vn\u00edm\u00e1m jako sv\u00e1tek zamilovan\u00fdch. Zamilovan\u00ed chlapci v\u011bnuj\u00ed sv\u00fdm d\u00edvk\u00e1m rudou r\u016f\u017ei a d\u00edvky naopak daruj\u00ed sv\u00fdm chlapc\u016fm knihu. Ze zamilovan\u00e9 akce se l\u00e9ty vyvinul boom v\u00a0tom smyslu, \u017ee si obdobn\u011b nedaruj\u00ed knihy jen zamilovan\u00ed, ale i kolegov\u00e9 v\u00a0pr\u00e1ci nebo kamar\u00e1di, kamar\u00e1dky, zn\u00e1m\u00ed.Sv\u011btov\u00fd den knihy tak m\u00e1 vyb\u00eddnout v\u0161echny, zejm\u00e9na mlad\u00e9 lidi k\u00a0tomu, aby \u010detli, vzali si op\u011bt knihu do ruky a zjistili, \u017ee i \u010detba knih p\u0159in\u00e1\u0161\u00ed pot\u011b\u0161en\u00ed a p\u0159edev\u0161\u00edm roz\u0161i\u0159uje znalosti a prohlubuje v\u011bdomosti.V\u00a0\u010cech\u00e1ch se s\u00a0t\u00edmto dnem spojuje spousta akc\u00ed. Internetov\u00e1 knihkupectv\u00ed nab\u00edzej\u00ed pr\u00e1v\u011b v tento den knihy bez DPH anebo ak\u010dn\u00ed slevy. Knihovny po\u0159\u00e1daj\u00ed autogrami\u00e1dy, sout\u011b\u017ee pro mal\u00e9 \u010dten\u00e1\u0159e, besedy o knih\u00e1ch, zvou zaj\u00edmav\u00e9 osobnosti na autorsk\u00e1 \u010dten\u00ed. Svaz \u010desk\u00fdch knihkupc\u016f po\u0159\u00e1dal kampan\u011b Zelen\u00e1 knih\u00e1m nebo Kniha ti slu\u0161\u00ed.Podpo\u0159me knihkupce a kupme si ka\u017ed\u00fd alespo\u0148 jednu knihu a hlavn\u011b \u2013 p\u0159e\u010dt\u011bme si ji! V\u00a0dob\u011b \u010dte\u010dek pro n\u011bkoho nov\u00e1 v\u011bc, ale v\u011b\u0159te, \u017ee vz\u00edt knihu do ruky, ohmatat si ji, zalo\u017eit na str\u00e1nce, kde jsem p\u0159estala \u010d\u00edst, polo\u017eit si ji na no\u010dn\u00ed stolek a v\u00a0klidu usnout a nem\u00edt v\u0161udyp\u0159\u00edtomn\u00e9 elektromagnetick\u00e9 pole okolo hlavy ve form\u011b po\u010d\u00edta\u010d\u016f, tablet\u016f, \u010dte\u010dek, je k\u00a0nezaplacen\u00ed! Nehled\u011b na to, \u017ee modr\u00e9 podsv\u00edcen\u00ed z\u00a0mobil\u016f, tablet\u016f apod. od sp\u00e1nku sp\u00ed\u0161e odrazuje a d\u00e1v\u00e1 mozku sign\u00e1l, \u017ee je den. Mozek vn\u00edm\u00e1 modr\u00e9 sv\u011btlo jako den a ten, kdo m\u00e1 pot\u00ed\u017ee se sp\u00e1nkem, by si m\u011bl rozmyslet toto \u201eelektronick\u00e9\u201c \u010dten\u00ed a vr\u00e1tit se ke star\u00e9 dobr\u00e9 kn\u00ed\u017ece.                                                                                                                                                                                                                                                                                                                                                                                        3.8\/5 - (14 votes)        "},{"@context":"https:\/\/schema.org\/","@type":"BreadcrumbList","itemListElement":[{"@type":"ListItem","position":1,"name":"Podpo\u0159te \u010dten\u00ed knih zejm\u00e9na 23. dubna!","item":"https:\/\/www.ibf-cz.cz\/podporte-cteni-knih-zejmena-23-dubna\/#breadcrumbitem"}]}]