[{"@context":"https:\/\/schema.org\/","@type":"Article","@id":"https:\/\/www.ibf-cz.cz\/vymahani-pohledavek\/#Article","mainEntityOfPage":"https:\/\/www.ibf-cz.cz\/vymahani-pohledavek\/","headline":"Vym\u00e1h\u00e1n\u00ed pohled\u00e1vek","name":"Vym\u00e1h\u00e1n\u00ed pohled\u00e1vek","description":"Ano, s vym\u00e1h\u00e1n\u00edm pohled\u00e1vek je k\u0159\u00ed\u017e! \u00dapln\u011b v\u00e1s ch\u00e1peme a rozhodn\u011b v\u00e1s v tom bludn\u00e9m kruhu nenech\u00e1me! K cel\u00e9 problematice p\u0159istupujeme individu\u00e1ln\u011b a s citlivost\u00ed na dan\u00e9ho klienta. Z\u00e1jem o vym\u00e1h\u00e1n\u00ed pohled\u00e1vek maj\u00ed jak fyzick\u00e9 osoby, tak pr\u00e1vnick\u00e9 osoby. I velk\u00e9 firmy maj\u00ed probl\u00e9m s dlu\u017en\u00fdmi \u010d\u00e1stkami, kter\u00e9 jim chyb\u00ed ve finan\u010dn\u00ed rozvaze a obr\u00e1tit [&hellip;]","datePublished":"2025-03-11","dateModified":"2025-03-11","author":{"@type":"Person","@id":"https:\/\/www.ibf-cz.cz\/author\/#Person","name":"","url":"https:\/\/www.ibf-cz.cz\/author\/","identifier":1,"image":{"@type":"ImageObject","@id":"https:\/\/secure.gravatar.com\/avatar\/70b0b0c6ef7dca5d65c935edece415df3e99a7281ef835a281ae62fb4236351b?s=96&d=mm&r=g","url":"https:\/\/secure.gravatar.com\/avatar\/70b0b0c6ef7dca5d65c935edece415df3e99a7281ef835a281ae62fb4236351b?s=96&d=mm&r=g","height":96,"width":96}},"publisher":{"@type":"Organization","name":"ibf-cz.cz","logo":{"@type":"ImageObject","@id":"\/logo.png","url":"\/logo.png","width":600,"height":60}},"url":"https:\/\/www.ibf-cz.cz\/vymahani-pohledavek\/","wordCount":161,"articleBody":"Ano, s vym\u00e1h\u00e1n\u00edm pohled\u00e1vek je k\u0159\u00ed\u017e! \u00dapln\u011b v\u00e1s ch\u00e1peme a rozhodn\u011b v\u00e1s v tom bludn\u00e9m kruhu nenech\u00e1me! K cel\u00e9 problematice p\u0159istupujeme individu\u00e1ln\u011b a s citlivost\u00ed na dan\u00e9ho klienta.Z\u00e1jem o vym\u00e1h\u00e1n\u00ed pohled\u00e1vek maj\u00ed jak fyzick\u00e9 osoby, tak pr\u00e1vnick\u00e9 osoby. I velk\u00e9 firmy maj\u00ed probl\u00e9m s dlu\u017en\u00fdmi \u010d\u00e1stkami, kter\u00e9 jim chyb\u00ed ve finan\u010dn\u00ed rozvaze a obr\u00e1tit se na soudy jim p\u0159ipad\u00e1 jak\u00e9 dal\u0161\u00ed vyhazov\u00e1n\u00ed d\u016fle\u017eit\u00fdch pen\u011b\u017en\u00edch prost\u0159edk\u016f.Zavolejte je\u0161t\u011b dnesNavr\u00e1t\u00edme dlu\u017en\u00edk\u016fm pot\u0159ebnou motivaci, aby dlu\u017enou \u010d\u00e1stku co nejd\u0159\u00edve uhradili zp\u011bt. Sv\u011b\u0159te se do p\u00e9\u010de expert\u016fm na vym\u00e1h\u00e1n\u00ed pohled\u00e1vek! Efektivn\u00ed pr\u00e1ce je na\u0161\u00ed prioritou. Ani mi nestoj\u00edme o zbyte\u010dn\u00e9 prodlevy. Pracujeme rychle a cel\u00fd proces zast\u0159e\u0161uje mand\u00e1tn\u00ed smlouva.                                                                                                                                                                                                                                                                                                                                                                                        5\/5 - (1 vote)        "},{"@context":"https:\/\/schema.org\/","@type":"BreadcrumbList","itemListElement":[{"@type":"ListItem","position":1,"name":"Vym\u00e1h\u00e1n\u00ed pohled\u00e1vek","item":"https:\/\/www.ibf-cz.cz\/vymahani-pohledavek\/#breadcrumbitem"}]}]