[{"@context":"https:\/\/schema.org\/","@type":"Article","@id":"https:\/\/www.ibf-cz.cz\/vzdelani-je-na-kazdem-z-nas\/#Article","mainEntityOfPage":"https:\/\/www.ibf-cz.cz\/vzdelani-je-na-kazdem-z-nas\/","headline":"Vzd\u011bl\u00e1n\u00ed je na ka\u017ed\u00e9m z n\u00e1s","name":"Vzd\u011bl\u00e1n\u00ed je na ka\u017ed\u00e9m z n\u00e1s","description":"Pen\u00edze a zase jen pen\u00edze. Prom\u00edtaj\u00ed se snad do v\u0161ech oblast\u00ed na\u0161eho \u017eivota. V\u00a0mnoha p\u0159\u00edpadech je to smutn\u00e9, hlavn\u011b pak v\u00a0situaci, kdy jde o informace na vzd\u011bl\u00e1n\u00ed. Jedn\u00e1 se o v\u011bci, kter\u00e9 by m\u011bly b\u00fdt poskytnuty n\u00e1m v\u0161em, a to tak\u00e9 jsou, ale v\u00a0jak\u00e9 m\u00ed\u0159e a na jak\u00e9 \u00farovni. U\u017e od \u00fatl\u00e9ho d\u011btstv\u00ed tak m\u016f\u017eeme [&hellip;]","datePublished":"2018-09-26","dateModified":"2023-04-30","author":{"@type":"Person","@id":"https:\/\/www.ibf-cz.cz\/author\/#Person","name":"","url":"https:\/\/www.ibf-cz.cz\/author\/","identifier":1,"image":{"@type":"ImageObject","@id":"https:\/\/secure.gravatar.com\/avatar\/70b0b0c6ef7dca5d65c935edece415df3e99a7281ef835a281ae62fb4236351b?s=96&d=mm&r=g","url":"https:\/\/secure.gravatar.com\/avatar\/70b0b0c6ef7dca5d65c935edece415df3e99a7281ef835a281ae62fb4236351b?s=96&d=mm&r=g","height":96,"width":96}},"publisher":{"@type":"Organization","name":"ibf-cz.cz","logo":{"@type":"ImageObject","@id":"\/logo.png","url":"\/logo.png","width":600,"height":60}},"image":{"@type":"ImageObject","@id":"https:\/\/www.ibf-cz.cz\/wp-content\/uploads\/img_a330782_w2559_t1543269701.jpg","url":"https:\/\/www.ibf-cz.cz\/wp-content\/uploads\/img_a330782_w2559_t1543269701.jpg","height":0,"width":0},"url":"https:\/\/www.ibf-cz.cz\/vzdelani-je-na-kazdem-z-nas\/","about":["Vzd\u011bl\u00e1n\u00ed"],"wordCount":438,"articleBody":"Pen\u00edze a zase jen pen\u00edze. Prom\u00edtaj\u00ed se snad do v\u0161ech oblast\u00ed na\u0161eho \u017eivota. V\u00a0mnoha p\u0159\u00edpadech je to smutn\u00e9, hlavn\u011b pak v\u00a0situaci, kdy jde o informace na vzd\u011bl\u00e1n\u00ed. Jedn\u00e1 se o v\u011bci, kter\u00e9 by m\u011bly b\u00fdt poskytnuty n\u00e1m v\u0161em, a to tak\u00e9 jsou, ale v\u00a0jak\u00e9 m\u00ed\u0159e a na jak\u00e9 \u00farovni. U\u017e od \u00fatl\u00e9ho d\u011btstv\u00ed tak m\u016f\u017eeme vid\u011bt propastn\u00e9 rozd\u00edly mezi elitou a v\u0161emi ostatn\u00edmi, kte\u0159\u00ed prost\u011b nem\u011bli to \u0161t\u011bst\u00ed a nenarodili se do bohat\u00e9 rodiny nebo prost\u011b z\u00e1zra\u010dn\u011b nezbohatli.\tDnes tak v\u011bt\u0161ina z\u00a0n\u00e1s nav\u0161t\u011bvuje st\u00e1tn\u00ed \u0161koly a nejsou ji\u017e vid\u011bt tak propastn\u00e9 rozd\u00edly mezi bohat\u00fdmi, chud\u00fdmi a pr\u016fm\u011brn\u00fdmi. To je samoz\u0159ejm\u011b dob\u0159e, ale kle\u0161t\u011b se pak n\u00e1sledn\u011b za\u010dnou rozev\u00edrat s\u00a0postupem v\u011bku a s\u00a0nar\u016fstaj\u00edc\u00ed m\u00edrou vzd\u011bl\u00e1n\u00ed. Kvalita st\u00e1tn\u00edch \u0161koly byla je\u0161t\u011b p\u0159ed 10 lety na \u00fanosn\u00e9 m\u00ed\u0159e, dnes v\u0161ak jejich pracovn\u00edci jsou lid\u00e9, kte\u0159\u00ed nemaj\u00ed \u0159\u00e1dnou motivaci, pr\u00e1ce je nebav\u00ed, \u010dasto trp\u00ed syndromem vyho\u0159en\u00ed a nesna\u017e\u00ed se nic d\u011btem p\u0159edat.\tTo potom vede k\u00a0jedin\u00e9mu efektu a to, \u017ee d\u011bti zkr\u00e1tka studium a \u0161kola nebav\u00ed. Nemaj\u00ed touho po pozn\u00e1n\u00ed a ani nem\u00ed\u0159\u00ed do v\u011bdeck\u00fdch oblast\u00ed. \u010casto tak jdou sp\u00ed\u0161e za prac\u00ed, kde je vidina snadn\u00e9ho zbohatnut\u00ed a v\u016fbec netou\u017e\u00ed potom b\u00fdt vzd\u011blanci, kte\u0159\u00ed sr\u0161\u00ed informacemi a sna\u017e\u00ed se sv\u00fdm zp\u016fsobem napomoct k\u00a0r\u016fstu spole\u010dnosti.\tTento jev je ve zna\u010dn\u00e9 m\u00ed\u0159e d\u00e1n hlavn\u011b spole\u010dnost\u00ed, kter\u00e1 tento efekt dopustila. Velk\u00fd vliv m\u00e1 tak\u00e9 na to velice n\u00edzk\u00e1 porodnost, kter\u00e1 je nejslab\u0161\u00ed hlavn\u011b v\u00a0roce 1996. Zde se nach\u00e1z\u00ed tak m\u00e1lo jedinc\u016f, \u017ee jsou jim osnovy p\u0159izp\u016fsobov\u00e1ny. Pro tyto osoby je to samoz\u0159ejm\u011b dob\u0159e, ale pak n\u00e1sledn\u011b cel\u00fd syst\u00e9m trp\u00ed. Dnes to nen\u00ed je\u0161t\u011b zn\u00e1t a v\u011bt\u0161ina t\u011bchto osob studuje, ale a\u017e se z\u00a0nich stanou pracuj\u00edc\u00ed a ekonomicky aktivn\u00ed jedinci budeme m\u00edt po cel\u00e9m sv\u011bt\u011b nekvalifikovan\u00e9 zam\u011bstnanci, kte\u0159\u00ed nejsou odborn\u00edci na nic.\tKvalita \u0161kolstv\u00ed je ale st\u00e1le \u0161patn\u00e1 i po n\u00e1r\u016fstu porodnosti a populace, ot\u00e1zkou v\u0161ak z\u016fst\u00e1v\u00e1, jak dos\u00e1hnout zlep\u0161en\u00ed a co ud\u011blat proto aby se kvalita vzd\u011bl\u00e1n\u00ed srovnala se sv\u011btovou \u00farovn\u00ed.                                                                                                                                                                                                                                                                                                                                                                                        3.8\/5 - (13 votes)        "},{"@context":"https:\/\/schema.org\/","@type":"BreadcrumbList","itemListElement":[{"@type":"ListItem","position":1,"name":"Vzd\u011bl\u00e1n\u00ed je na ka\u017ed\u00e9m z n\u00e1s","item":"https:\/\/www.ibf-cz.cz\/vzdelani-je-na-kazdem-z-nas\/#breadcrumbitem"}]}]